{"id":71527,"date":"2022-03-07T00:00:00","date_gmt":"2022-03-06T23:00:00","guid":{"rendered":"https:\/\/www.gossip.it\/senza-categoria\/laura-chiatti-si-commuove-lacrime-tv\/"},"modified":"2022-03-07T00:00:00","modified_gmt":"2022-03-06T23:00:00","slug":"laura-chiatti-si-commuove-lacrime-tv","status":"publish","type":"post","link":"https:\/\/www.gossip.it\/news\/laura-chiatti-si-commuove-lacrime-tv\/","title":{"rendered":"Laura Chiatti si commuove, in lacrime in tv: ecco perch\u00e9"},"content":{"rendered":"<p><a href=\"\/vip\/laura-chiatti\/\">Laura Chiatti<\/a> non riesce a celare l\u2019emozione in <strong>tv<\/strong>, ospite a <em>Verissimo<\/em>, l\u2019attrice 39enne <strong>si commuove<\/strong> e finisce in <strong>lacrime<\/strong>. La bionda, sposata con <a href=\"\/vip\/marco-bocci\/\">Marco Bocci<\/a> e madre di Enea, 7 anni, e Pablo, 5, osserva incantata un filmato dedicato ai due figli e crolla. <em>\u201cSono la cosa pi\u00f9 bella che ho fatto, mi sento pi\u00f9 portata a essere mamma di due maschi che di due femminucce: mi hanno reso migliore\u201d,<\/em> confessa.<\/p>\n<figure class=\"caption\"><img decoding=\"async\" alt=\"Laura Chiatti si commuove, in lacrime in tv: ecco perch\u00e9\" width=\"640\" height=\"358\" src=\"https:\/\/files.gossip.it\/immagini_news\/2022\/03\/1646644555_chiatti_1.jpg\" \/><figcaption>Laura Chiatti si commuove, in lacrime in tv: ecco perch\u00e9<\/figcaption><\/figure>\n<p>E\u2019 orgogliosa della sua famiglia: per lei ha dosato il lavoro, troppo il desiderio di crescere i bambini, essere presente. Ha tutto quel che desiderava. E\u2019 un momento positivo anche sul lavoro, unico neo di questa esistenza quasi perfetta sono gli hater.<strong> Laura Chiatti<\/strong> davanti le telecamere si sfoga.<\/p>\n<p><em>\u201cVengo massacrata sui social per il mio aspetto fisico,\u00a0mi dicono che sono troppo magra, che sono malata. Dicono \u2018curati per i tuoi figli\u2019 ed \u00e8 qualcosa che pu\u00f2 condizionarti psicologicamente. Non capisco perch\u00e9 se una donna vuole migliorarsi dal punto di vista finisco debba poi essere denigrata\u201d,<\/em> sottolinea amaramente.<\/p>\n<figure class=\"caption\"><img decoding=\"async\" alt=\"\" width=\"640\" height=\"347\" src=\"https:\/\/files.gossip.it\/immagini_news\/2022\/03\/1646644583_chiatti_2.jpg\" \/><figcaption>Non riesce proprio a trattenersi, si emoziona fortemente e crolla<\/figcaption><\/figure>\n<p>Subisce continui attacchi e non ne pu\u00f2 pi\u00f9: <em>\u201cFacendo questo mestiere se ti esponi devi essere pronta a ricevere giudizi negativi.\u00a0La cosa che mi infastidisce e intristisce \u00e8 quando questo supera il confine con la maleducazione\u00a0e della mancanza di rispetto\u201d.<\/em> Lei risponde, ha, parole sue,<em> \u201cuna grande tigna\u201d <\/em>nell\u2019affrontare i<em> \u2018leoni da tastiera\u2019.<\/em><\/p>\n<figure class=\"caption\"><img decoding=\"async\" alt=\"\" width=\"640\" height=\"342\" src=\"https:\/\/files.gossip.it\/immagini_news\/2022\/03\/1646644606_chiatti_3.jpg\" \/><figcaption>La bionda felice per la sua famiglia si sfoga contro gli hater che l'attaccano sui social<\/figcaption><\/figure>\n<p>La Chiatti spiega anche il motivo per cui \u00e8 dimagrita: <em>\u201cIo sto bene, sono in salute, sono seguita da una nutrizionista perch\u00e9 ho scoperto di alcune allergie. Quello che mi dispiace \u00e8 quando invece dicono che abbia problemi di salute, perch\u00e9 l\u2019anoressia non \u00e8 un gioco, \u00e8 una malattia molto grave\u201d<\/em>. Poi conclude:<em> \u201cAccetto i giudizi, ma quando si sfocia nella ferocia e si parla di malattia, questo mi disturba. Mi fa arrabbiare che si parli di una malattia cos\u00ec grave. Se non hai le spalle larghe pu\u00f2 condizionarti e mi dispiace. Grazie a Dio non mi appartiene ma\u00a0penso a chi ci soffre e bisognerebbe avere rispetto\u00a0e dare il giusto peso alle parole\u201d.<\/em><\/p>\n<p>\u00a0<\/p>\n","protected":false},"excerpt":{"rendered":"<p>Laura Chiatti non riesce a celare l\u2019emozione in tv, ospite a Verissimo, l\u2019attrice 39enne si commuove e finisce in lacrime. La bionda, sposata con Marco Bocci e madre di Enea, 7 anni, e Pablo, 5, osserva incantata un filmato dedicato ai due figli e crolla. \u201cSono la cosa pi\u00f9 bella che ho fatto, mi sento [&hellip;]<\/p>\n","protected":false},"author":1,"featured_media":127573,"comment_status":"closed","ping_status":"closed","sticky":false,"template":"","format":"standard","meta":{"footnotes":""},"categories":[54],"tags":[1983,2098,2102,56352,2103,2207,4735,57711,2097],"vip":[1077],"class_list":["post-71527","post","type-post","status-publish","format-standard","has-post-thumbnail","hentry","category-news","tag-attrice","tag-canale-5","tag-dichiarazioni","tag-hater","tag-intervista","tag-lacrime","tag-perche","tag-si-commuove","tag-tv","vip-laura_chiatti"],"yoast_head":"<title>Laura Chiatti si commuove, in lacrime in tv: ecco perch\u00e9 - Gossip.it | News sul Gossip e VIP<\/title>\n<meta name=\"description\" content=\"Laura Chiatti non riesce a celare l\u2019emozione in tv, ospite a Verissimo, l\u2019attrice 39enne si commuove e finisce in lacrime. La bionda, sposata con Marco\" \/>\n<meta name=\"robots\" content=\"index, follow, max-snippet:-1, max-image-preview:large, max-video-preview:-1\" \/>\n<link rel=\"canonical\" href=\"https:\/\/www.gossip.it\/news\/laura-chiatti-si-commuove-lacrime-tv\/\" \/>\n<meta property=\"og:locale\" content=\"it_IT\" \/>\n<meta property=\"og:type\" content=\"article\" \/>\n<meta property=\"og:title\" content=\"Laura Chiatti si commuove, in lacrime in tv: ecco perch\u00e9 - Gossip.it | News sul Gossip e VIP\" \/>\n<meta property=\"og:description\" content=\"Laura Chiatti non riesce a celare l\u2019emozione in tv, ospite a Verissimo, l\u2019attrice 39enne si commuove e finisce in lacrime. La bionda, sposata con Marco\" \/>\n<meta property=\"og:url\" content=\"https:\/\/www.gossip.it\/news\/laura-chiatti-si-commuove-lacrime-tv\/\" \/>\n<meta property=\"og:site_name\" content=\"Gossip.it | News sul Gossip e VIP\" \/>\n<meta property=\"article:publisher\" content=\"https:\/\/www.facebook.com\/GossipIT\" \/>\n<meta property=\"article:published_time\" content=\"2022-03-06T23:00:00+00:00\" \/>\n<meta property=\"og:image\" content=\"https:\/\/files.gossip.it\/immagini_news\/2022\/03\/1646644555_chiatti_1.jpg\" \/>\n<meta name=\"author\" content=\"La Redazione\" \/>\n<meta name=\"twitter:card\" content=\"summary_large_image\" \/>\n<meta name=\"twitter:image\" content=\"https:\/\/files.gossip.it\/immagini_news\/2022\/03\/1646644555_chiatti_1.jpg\" \/>\n<meta name=\"twitter:creator\" content=\"@gossinews_it\" \/>\n<meta name=\"twitter:site\" content=\"@gossinews_it\" \/>\n<meta name=\"twitter:label1\" content=\"Scritto da\" \/>\n\t<meta name=\"twitter:data1\" content=\"Annamaria Capozzi\" \/>\n\t<meta name=\"twitter:label2\" content=\"Tempo di lettura stimato\" \/>\n\t<meta name=\"twitter:data2\" content=\"2 minuti\" \/>","yoast_head_json":{"title":"Laura Chiatti si commuove, in lacrime in tv: ecco perch\u00e9 - Gossip.it | News sul Gossip e VIP","description":"Laura Chiatti non riesce a celare l\u2019emozione in tv, ospite a Verissimo, l\u2019attrice 39enne si commuove e finisce in lacrime. La bionda, sposata con Marco","robots":{"index":"index","follow":"follow","max-snippet":"max-snippet:-1","max-image-preview":"max-image-preview:large","max-video-preview":"max-video-preview:-1"},"canonical":"https:\/\/www.gossip.it\/news\/laura-chiatti-si-commuove-lacrime-tv\/","og_locale":"it_IT","og_type":"article","og_title":"Laura Chiatti si commuove, in lacrime in tv: ecco perch\u00e9 - Gossip.it | News sul Gossip e VIP","og_description":"Laura Chiatti non riesce a celare l\u2019emozione in tv, ospite a Verissimo, l\u2019attrice 39enne si commuove e finisce in lacrime. La bionda, sposata con Marco","og_url":"https:\/\/www.gossip.it\/news\/laura-chiatti-si-commuove-lacrime-tv\/","og_site_name":"Gossip.it | News sul Gossip e VIP","article_publisher":"https:\/\/www.facebook.com\/GossipIT","article_published_time":"2022-03-06T23:00:00+00:00","og_image":[{"url":"https:\/\/files.gossip.it\/immagini_news\/2022\/03\/1646644555_chiatti_1.jpg"}],"author":"La Redazione","twitter_card":"summary_large_image","twitter_image":"https:\/\/files.gossip.it\/immagini_news\/2022\/03\/1646644555_chiatti_1.jpg","twitter_creator":"@gossinews_it","twitter_site":"@gossinews_it","twitter_misc":{"Scritto da":"Annamaria Capozzi","Tempo di lettura stimato":"2 minuti"},"schema":{"@context":"https:\/\/schema.org","@graph":[{"@type":"Article","@id":"https:\/\/www.gossip.it\/news\/laura-chiatti-si-commuove-lacrime-tv\/#article","isPartOf":{"@id":"https:\/\/www.gossip.it\/news\/laura-chiatti-si-commuove-lacrime-tv\/"},"author":{"name":"La Redazione","@id":"https:\/\/www.gossip.it\/#\/schema\/person\/488896f75158bff1cc83c6c39d141110"},"headline":"Laura Chiatti si commuove, in lacrime in tv: ecco perch\u00e9","datePublished":"2022-03-06T23:00:00+00:00","dateModified":"2022-03-06T23:00:00+00:00","mainEntityOfPage":{"@id":"https:\/\/www.gossip.it\/news\/laura-chiatti-si-commuove-lacrime-tv\/"},"wordCount":384,"publisher":{"@id":"https:\/\/www.gossip.it\/#organization"},"image":{"@id":"https:\/\/www.gossip.it\/news\/laura-chiatti-si-commuove-lacrime-tv\/#primaryimage"},"thumbnailUrl":"https:\/\/files.gossip.it\/immagini_news\/2022\/03\/1646644555_chiatti_1.jpg","keywords":["attrice","canale 5","dichiarazioni","hater","intervista","lacrime","perch\u00e8","si commuove","tv"],"articleSection":["News"],"inLanguage":"it-IT"},{"@type":"WebPage","@id":"https:\/\/www.gossip.it\/news\/laura-chiatti-si-commuove-lacrime-tv\/","url":"https:\/\/www.gossip.it\/news\/laura-chiatti-si-commuove-lacrime-tv\/","name":"Laura Chiatti si commuove, in lacrime in tv: ecco perch\u00e9 - Gossip.it | News sul Gossip e VIP","isPartOf":{"@id":"https:\/\/www.gossip.it\/#website"},"primaryImageOfPage":{"@id":"https:\/\/www.gossip.it\/news\/laura-chiatti-si-commuove-lacrime-tv\/#primaryimage"},"image":{"@id":"https:\/\/www.gossip.it\/news\/laura-chiatti-si-commuove-lacrime-tv\/#primaryimage"},"thumbnailUrl":"https:\/\/files.gossip.it\/immagini_news\/2022\/03\/1646644555_chiatti_1.jpg","datePublished":"2022-03-06T23:00:00+00:00","dateModified":"2022-03-06T23:00:00+00:00","description":"Laura Chiatti non riesce a celare l\u2019emozione in tv, ospite a Verissimo, l\u2019attrice 39enne si commuove e finisce in lacrime. La bionda, sposata con Marco","breadcrumb":{"@id":"https:\/\/www.gossip.it\/news\/laura-chiatti-si-commuove-lacrime-tv\/#breadcrumb"},"inLanguage":"it-IT","potentialAction":[{"@type":"ReadAction","target":["https:\/\/www.gossip.it\/news\/laura-chiatti-si-commuove-lacrime-tv\/"]}]},{"@type":"ImageObject","inLanguage":"it-IT","@id":"https:\/\/www.gossip.it\/news\/laura-chiatti-si-commuove-lacrime-tv\/#primaryimage","url":"https:\/\/files.gossip.it\/immagini_news\/2022\/03\/1646644555_chiatti_1.jpg","contentUrl":"https:\/\/files.gossip.it\/immagini_news\/2022\/03\/1646644555_chiatti_1.jpg"},{"@type":"BreadcrumbList","@id":"https:\/\/www.gossip.it\/news\/laura-chiatti-si-commuove-lacrime-tv\/#breadcrumb","itemListElement":[{"@type":"ListItem","position":1,"name":"Home","item":"https:\/\/www.gossip.it\/"},{"@type":"ListItem","position":2,"name":"Laura Chiatti si commuove, in lacrime in tv: ecco perch\u00e9"}]},{"@type":"WebSite","@id":"https:\/\/www.gossip.it\/#website","url":"https:\/\/www.gossip.it\/","name":"Gossip and VIP News","description":"Quotidiano di cronaca rosa, costume e societ\u00e0","publisher":{"@id":"https:\/\/www.gossip.it\/#organization"},"alternateName":"Gossip and VIP News","potentialAction":[{"@type":"SearchAction","target":{"@type":"EntryPoint","urlTemplate":"https:\/\/www.gossip.it\/?s={search_term_string}"},"query-input":{"@type":"PropertyValueSpecification","valueRequired":true,"valueName":"search_term_string"}}],"inLanguage":"it-IT"},{"@type":"Organization","@id":"https:\/\/www.gossip.it\/#organization","name":"Gossip and VIP News","alternateName":"Gossip News","url":"https:\/\/www.gossip.it\/","logo":{"@type":"ImageObject","inLanguage":"it-IT","@id":"https:\/\/www.gossip.it\/#\/schema\/logo\/image\/","url":"https:\/\/www.gossip.it\/wp-content\/uploads\/2022\/04\/cropped-corna-alta-tiny.png","contentUrl":"https:\/\/www.gossip.it\/wp-content\/uploads\/2022\/04\/cropped-corna-alta-tiny.png","width":512,"height":512,"caption":"Gossip and VIP News"},"image":{"@id":"https:\/\/www.gossip.it\/#\/schema\/logo\/image\/"},"sameAs":["https:\/\/www.facebook.com\/GossipIT","https:\/\/x.com\/gossinews_it","https:\/\/instagram.com\/gossip_it"]},{"@type":"Person","@id":"https:\/\/www.gossip.it\/#\/schema\/person\/488896f75158bff1cc83c6c39d141110","name":"La Redazione","image":{"@type":"ImageObject","inLanguage":"it-IT","@id":"https:\/\/www.gossip.it\/#\/schema\/person\/image\/","url":"https:\/\/secure.gravatar.com\/avatar\/5a5f5c6fa3e6700e4249abdad0263a1e94e927d9e0499b1cb09c1cd29c044d80?s=96&d=mm&r=g","contentUrl":"https:\/\/secure.gravatar.com\/avatar\/5a5f5c6fa3e6700e4249abdad0263a1e94e927d9e0499b1cb09c1cd29c044d80?s=96&d=mm&r=g","caption":"La Redazione"},"sameAs":["https:\/\/www.gossip.it"]}]}},"amp_enabled":true,"_links":{"self":[{"href":"https:\/\/www.gossip.it\/api\/wp\/v2\/posts\/71527","targetHints":{"allow":["GET"]}}],"collection":[{"href":"https:\/\/www.gossip.it\/api\/wp\/v2\/posts"}],"about":[{"href":"https:\/\/www.gossip.it\/api\/wp\/v2\/types\/post"}],"author":[{"embeddable":true,"href":"https:\/\/www.gossip.it\/api\/wp\/v2\/users\/1"}],"replies":[{"embeddable":true,"href":"https:\/\/www.gossip.it\/api\/wp\/v2\/comments?post=71527"}],"version-history":[{"count":0,"href":"https:\/\/www.gossip.it\/api\/wp\/v2\/posts\/71527\/revisions"}],"wp:featuredmedia":[{"embeddable":true,"href":"https:\/\/www.gossip.it\/api\/wp\/v2\/media\/127573"}],"wp:attachment":[{"href":"https:\/\/www.gossip.it\/api\/wp\/v2\/media?parent=71527"}],"wp:term":[{"taxonomy":"category","embeddable":true,"href":"https:\/\/www.gossip.it\/api\/wp\/v2\/categories?post=71527"},{"taxonomy":"post_tag","embeddable":true,"href":"https:\/\/www.gossip.it\/api\/wp\/v2\/tags?post=71527"},{"taxonomy":"vip","embeddable":true,"href":"https:\/\/www.gossip.it\/api\/wp\/v2\/vip?post=71527"}],"curies":[{"name":"wp","href":"https:\/\/api.w.org\/{rel}","templated":true}]}}