{"id":71693,"date":"2022-04-01T00:00:00","date_gmt":"2022-03-31T22:00:00","guid":{"rendered":"https:\/\/www.gossip.it\/senza-categoria\/fabrizio-corona-figlio-carlos-contro-nina-moric-deve-farsi-curare\/"},"modified":"2022-04-01T00:00:00","modified_gmt":"2022-03-31T22:00:00","slug":"fabrizio-corona-figlio-carlos-contro-nina-moric-deve-farsi-curare","status":"publish","type":"post","link":"https:\/\/www.gossip.it\/news\/fabrizio-corona-figlio-carlos-contro-nina-moric-deve-farsi-curare\/","title":{"rendered":"Fabrizio Corona in un video col figlio Carlos contro Nina Moric: 'E' lei che deve farsi curare'"},"content":{"rendered":"<p><a href=\"\/vip\/fabrizio-corona\/\">Fabrizio Corona<\/a> e il <strong>figlio Carlos<\/strong> puntano il dito <strong>contro<\/strong> <a href=\"\/vip\/nina-moric\/\">Nina Moric<\/a>.<em> \u201cE\u2019 lei che <strong>deve farsi curare<\/strong>\u201d<\/em>, sottolinea l\u2019ex re dei paparazzi. In un video postato sul social i due replicano punto per punto alla showgirl croata 45enne che nelle sue storie su <em>Instagram <\/em>aveva chiesto l\u2019aiuto dei follower per salvare il suo ragazzo, vittima, stando alle sue parole del padre.<\/p>\n<figure class=\"caption\"><img decoding=\"async\" alt=\"Fabrizio Corona in un video col figlio Carlos contro Nina Moric: 'E' lei che deve farsi curare'\" width=\"640\" height=\"655\" src=\"https:\/\/files.gossip.it\/immagini_news\/2022\/04\/1648807087_moric_corona_1.jpg\" \/><figcaption>Fabrizio Corona in un video col figlio Carlos contro Nina Moric: 'E' lei che deve farsi curare'<\/figcaption><\/figure>\n<p><em>\u201cAbbiamo\u00a0bisogno\u00a0di voi, so che chiedo troppo. Ma voglio soltanto la sua libert\u00e0 a costo della mia morte\u2026 <strong>Fabrizio Corona<\/strong> non \u00e8 mai stato un padre. Non lo sto condannando, ma mi dispiace perch\u00e9 non sar\u00e0 mai in grado di accettare la felicit\u00e0 di <strong>Carlos<\/strong>. <strong>Fabrizio Corona<\/strong>\u00a0si merita l\u2019ergastolo\u201d<\/em>, aveva fatto sapere la Moric. E aggiunto parlando di <strong>Carlos<\/strong>: <em>\u201cHa la psicosi transitoria acuta. Deve essere curato! Non ha il telefono e nessuno mi risponde dalla parte paterna. Se non prende i farmaci associati all\u2019analisi comportamentale cognitiva sar\u00e0 la sua fine! Vi prego, aiutatemi, salvatelo!\u201d.<\/em><\/p>\n<p><em>\u201cRispondiamo a quel che ha scritto mia madre\u201d<\/em>, dice il 19enne. <em>\u201cTua mamma sta facendo la matta sui social <\/em>- esordisce Corona - <em>Precisando che queste cose andrebbero discusse in casa, non su un mezzo pubblico, sembra che gli psicologi e gli psichiatri non abbiano pi\u00f9 tue notizie\u2026 Chiunque pu\u00f2 averle. Sei qui\u201d<\/em>.<em> \u201cS\u00ec sono qui\u2026\u201d<\/em>, replica <strong>Carlos<\/strong>. <em>\u201cStai male? A me non sembra\u201d<\/em>, gli domanda Fabrizio. <em>\u201cNo, assolutamente\u201d<\/em>, sottolinea il <strong>figlio<\/strong>.<\/p>\n<figure class=\"caption\"><img decoding=\"async\" alt=\"\" width=\"640\" height=\"485\" src=\"https:\/\/files.gossip.it\/immagini_news\/2022\/04\/1648807111_moric_corona_2.jpg\" \/><figcaption>Il 48enne e il 19enne smentiscono punto per punto la showgirl croata 45enne<\/figcaption><\/figure>\n<p><em>\u201cFai un appello e d\u00ec che non sei malato, se vogliono i tuoi psicologi possono venire a chiedere notizie qui. E cosa rispondiamo a tutte queste situazioni che tua madre sta evidenziando?\u201d<\/em>, prosegue Corona<em>.<\/em> <em>\u201cNiente, che non \u00e8 vero e non si deve preoccupare del contrario\u201d, <\/em>spiega ancora <strong>Carlos<\/strong>.<\/p>\n<figure class=\"caption\"><img decoding=\"async\" alt=\"\" width=\"640\" height=\"689\" src=\"https:\/\/files.gossip.it\/immagini_news\/2022\/04\/1648807139_moric_corona_3.jpg\" \/><figcaption>Fabrizio si dice disposto ad aiutare la sua ex moglie<\/figcaption><\/figure>\n<p><strong>Fabrizio Corona<\/strong> continua con le domande:<em> \u201cTi sto obbligando a fare qualcosa?\u201d<\/em>. Il <strong>figlio<\/strong> nega. L\u2019imprenditore allora si rivolge alla stampa: <em>\u201cPregherei tutti i giornalisti di occuparsi di cose serie e di non riportare queste notizie che riguardano la sfera privata di un ragazzo che sta benissimo, queste cose potrebbero precludere la sua adolescenza, dando retta a una persona che in questo momento evidentemente non sta bene. Se vuole, noi la possiamo aiutare a <strong>farsi curare<\/strong>. Questo vale per i giornalisti e per alcune televisioni che danno credito e fanno sciacallaggio su delle persone che non sono in grado n\u00e9 di intendere che di volere\u201d.<\/em><\/p>\n<p>\u00a0<\/p>\n","protected":false},"excerpt":{"rendered":"<p>Fabrizio Corona e il figlio Carlos puntano il dito contro Nina Moric. \u201cE\u2019 lei che deve farsi curare\u201d, sottolinea l\u2019ex re dei paparazzi. In un video postato sul social i due replicano punto per punto alla showgirl croata 45enne che nelle sue storie su Instagram aveva chiesto l\u2019aiuto dei follower per salvare il suo ragazzo, [&hellip;]<\/p>\n","protected":false},"author":1,"featured_media":127739,"comment_status":"closed","ping_status":"closed","sticky":false,"template":"","format":"standard","meta":{"footnotes":""},"categories":[54],"tags":[6772,11826,2256,63100,1942,2121,1923,2142,2097],"vip":[447,719,1426],"class_list":["post-71693","post","type-post","status-publish","format-standard","has-post-thumbnail","hentry","category-news","tag-carlos","tag-carlos-maria-corona","tag-contro","tag-deve-farsi-curare","tag-figlio","tag-instagram","tag-social","tag-stories","tag-tv","vip-carlos_corona","vip-fabrizio_corona","vip-nina_moric"],"yoast_head":"<title>Fabrizio Corona in un video col figlio Carlos contro Nina Moric: &#039;E&#039; lei che deve farsi curare&#039; - Gossip.it | News sul Gossip e VIP<\/title>\n<meta name=\"description\" content=\"Fabrizio Corona e il figlio Carlos puntano il dito contro Nina Moric. \u201cE\u2019 lei che deve farsi curare\u201d, sottolinea l\u2019ex re dei paparazzi. In un video\" \/>\n<meta name=\"robots\" content=\"index, follow, max-snippet:-1, max-image-preview:large, max-video-preview:-1\" \/>\n<link rel=\"canonical\" href=\"https:\/\/www.gossip.it\/news\/fabrizio-corona-figlio-carlos-contro-nina-moric-deve-farsi-curare\/\" \/>\n<meta property=\"og:locale\" content=\"it_IT\" \/>\n<meta property=\"og:type\" content=\"article\" \/>\n<meta property=\"og:title\" content=\"Fabrizio Corona in un video col figlio Carlos contro Nina Moric: &#039;E&#039; lei che deve farsi curare&#039; - Gossip.it | News sul Gossip e VIP\" \/>\n<meta property=\"og:description\" content=\"Fabrizio Corona e il figlio Carlos puntano il dito contro Nina Moric. \u201cE\u2019 lei che deve farsi curare\u201d, sottolinea l\u2019ex re dei paparazzi. In un video\" \/>\n<meta property=\"og:url\" content=\"https:\/\/www.gossip.it\/news\/fabrizio-corona-figlio-carlos-contro-nina-moric-deve-farsi-curare\/\" \/>\n<meta property=\"og:site_name\" content=\"Gossip.it | News sul Gossip e VIP\" \/>\n<meta property=\"article:publisher\" content=\"https:\/\/www.facebook.com\/GossipIT\" \/>\n<meta property=\"article:published_time\" content=\"2022-03-31T22:00:00+00:00\" \/>\n<meta property=\"og:image\" content=\"https:\/\/files.gossip.it\/immagini_news\/2022\/04\/1648807087_moric_corona_1.jpg\" \/>\n<meta name=\"author\" content=\"La Redazione\" \/>\n<meta name=\"twitter:card\" content=\"summary_large_image\" \/>\n<meta name=\"twitter:image\" content=\"https:\/\/files.gossip.it\/immagini_news\/2022\/04\/1648807087_moric_corona_1.jpg\" \/>\n<meta name=\"twitter:creator\" content=\"@gossinews_it\" \/>\n<meta name=\"twitter:site\" content=\"@gossinews_it\" \/>\n<meta name=\"twitter:label1\" content=\"Scritto da\" \/>\n\t<meta name=\"twitter:data1\" content=\"la Redazione \" \/>\n\t<meta name=\"twitter:label2\" content=\"Tempo di lettura stimato\" \/>\n\t<meta name=\"twitter:data2\" content=\"2 minuti\" \/>","yoast_head_json":{"title":"Fabrizio Corona in un video col figlio Carlos contro Nina Moric: 'E' lei che deve farsi curare' - Gossip.it | News sul Gossip e VIP","description":"Fabrizio Corona e il figlio Carlos puntano il dito contro Nina Moric. \u201cE\u2019 lei che deve farsi curare\u201d, sottolinea l\u2019ex re dei paparazzi. In un video","robots":{"index":"index","follow":"follow","max-snippet":"max-snippet:-1","max-image-preview":"max-image-preview:large","max-video-preview":"max-video-preview:-1"},"canonical":"https:\/\/www.gossip.it\/news\/fabrizio-corona-figlio-carlos-contro-nina-moric-deve-farsi-curare\/","og_locale":"it_IT","og_type":"article","og_title":"Fabrizio Corona in un video col figlio Carlos contro Nina Moric: 'E' lei che deve farsi curare' - Gossip.it | News sul Gossip e VIP","og_description":"Fabrizio Corona e il figlio Carlos puntano il dito contro Nina Moric. \u201cE\u2019 lei che deve farsi curare\u201d, sottolinea l\u2019ex re dei paparazzi. In un video","og_url":"https:\/\/www.gossip.it\/news\/fabrizio-corona-figlio-carlos-contro-nina-moric-deve-farsi-curare\/","og_site_name":"Gossip.it | News sul Gossip e VIP","article_publisher":"https:\/\/www.facebook.com\/GossipIT","article_published_time":"2022-03-31T22:00:00+00:00","og_image":[{"url":"https:\/\/files.gossip.it\/immagini_news\/2022\/04\/1648807087_moric_corona_1.jpg"}],"author":"La Redazione","twitter_card":"summary_large_image","twitter_image":"https:\/\/files.gossip.it\/immagini_news\/2022\/04\/1648807087_moric_corona_1.jpg","twitter_creator":"@gossinews_it","twitter_site":"@gossinews_it","twitter_misc":{"Scritto da":"la Redazione ","Tempo di lettura stimato":"2 minuti"},"schema":{"@context":"https:\/\/schema.org","@graph":[{"@type":"Article","@id":"https:\/\/www.gossip.it\/news\/fabrizio-corona-figlio-carlos-contro-nina-moric-deve-farsi-curare\/#article","isPartOf":{"@id":"https:\/\/www.gossip.it\/news\/fabrizio-corona-figlio-carlos-contro-nina-moric-deve-farsi-curare\/"},"author":{"name":"La Redazione","@id":"https:\/\/www.gossip.it\/#\/schema\/person\/488896f75158bff1cc83c6c39d141110"},"headline":"Fabrizio Corona in un video col figlio Carlos contro Nina Moric: 'E' lei che deve farsi curare'","datePublished":"2022-03-31T22:00:00+00:00","dateModified":"2022-03-31T22:00:00+00:00","mainEntityOfPage":{"@id":"https:\/\/www.gossip.it\/news\/fabrizio-corona-figlio-carlos-contro-nina-moric-deve-farsi-curare\/"},"wordCount":445,"publisher":{"@id":"https:\/\/www.gossip.it\/#organization"},"image":{"@id":"https:\/\/www.gossip.it\/news\/fabrizio-corona-figlio-carlos-contro-nina-moric-deve-farsi-curare\/#primaryimage"},"thumbnailUrl":"https:\/\/files.gossip.it\/immagini_news\/2022\/04\/1648807087_moric_corona_1.jpg","keywords":["carlos","carlos maria corona","contro","deve farsi curare","figlio","instagram","social","stories","tv"],"articleSection":["News"],"inLanguage":"it-IT"},{"@type":"WebPage","@id":"https:\/\/www.gossip.it\/news\/fabrizio-corona-figlio-carlos-contro-nina-moric-deve-farsi-curare\/","url":"https:\/\/www.gossip.it\/news\/fabrizio-corona-figlio-carlos-contro-nina-moric-deve-farsi-curare\/","name":"Fabrizio Corona in un video col figlio Carlos contro Nina Moric: 'E' lei che deve farsi curare' - Gossip.it | News sul Gossip e VIP","isPartOf":{"@id":"https:\/\/www.gossip.it\/#website"},"primaryImageOfPage":{"@id":"https:\/\/www.gossip.it\/news\/fabrizio-corona-figlio-carlos-contro-nina-moric-deve-farsi-curare\/#primaryimage"},"image":{"@id":"https:\/\/www.gossip.it\/news\/fabrizio-corona-figlio-carlos-contro-nina-moric-deve-farsi-curare\/#primaryimage"},"thumbnailUrl":"https:\/\/files.gossip.it\/immagini_news\/2022\/04\/1648807087_moric_corona_1.jpg","datePublished":"2022-03-31T22:00:00+00:00","dateModified":"2022-03-31T22:00:00+00:00","description":"Fabrizio Corona e il figlio Carlos puntano il dito contro Nina Moric. \u201cE\u2019 lei che deve farsi curare\u201d, sottolinea l\u2019ex re dei paparazzi. In un video","breadcrumb":{"@id":"https:\/\/www.gossip.it\/news\/fabrizio-corona-figlio-carlos-contro-nina-moric-deve-farsi-curare\/#breadcrumb"},"inLanguage":"it-IT","potentialAction":[{"@type":"ReadAction","target":["https:\/\/www.gossip.it\/news\/fabrizio-corona-figlio-carlos-contro-nina-moric-deve-farsi-curare\/"]}]},{"@type":"ImageObject","inLanguage":"it-IT","@id":"https:\/\/www.gossip.it\/news\/fabrizio-corona-figlio-carlos-contro-nina-moric-deve-farsi-curare\/#primaryimage","url":"https:\/\/files.gossip.it\/immagini_news\/2022\/04\/1648807087_moric_corona_1.jpg","contentUrl":"https:\/\/files.gossip.it\/immagini_news\/2022\/04\/1648807087_moric_corona_1.jpg"},{"@type":"BreadcrumbList","@id":"https:\/\/www.gossip.it\/news\/fabrizio-corona-figlio-carlos-contro-nina-moric-deve-farsi-curare\/#breadcrumb","itemListElement":[{"@type":"ListItem","position":1,"name":"Home","item":"https:\/\/www.gossip.it\/"},{"@type":"ListItem","position":2,"name":"Fabrizio Corona in un video col figlio Carlos contro Nina Moric: 'E' lei che deve farsi curare'"}]},{"@type":"WebSite","@id":"https:\/\/www.gossip.it\/#website","url":"https:\/\/www.gossip.it\/","name":"Gossip and VIP News","description":"Quotidiano di cronaca rosa, costume e societ\u00e0","publisher":{"@id":"https:\/\/www.gossip.it\/#organization"},"alternateName":"Gossip and VIP News","potentialAction":[{"@type":"SearchAction","target":{"@type":"EntryPoint","urlTemplate":"https:\/\/www.gossip.it\/?s={search_term_string}"},"query-input":{"@type":"PropertyValueSpecification","valueRequired":true,"valueName":"search_term_string"}}],"inLanguage":"it-IT"},{"@type":"Organization","@id":"https:\/\/www.gossip.it\/#organization","name":"Gossip and VIP News","alternateName":"Gossip News","url":"https:\/\/www.gossip.it\/","logo":{"@type":"ImageObject","inLanguage":"it-IT","@id":"https:\/\/www.gossip.it\/#\/schema\/logo\/image\/","url":"https:\/\/www.gossip.it\/wp-content\/uploads\/2022\/04\/cropped-corna-alta-tiny.png","contentUrl":"https:\/\/www.gossip.it\/wp-content\/uploads\/2022\/04\/cropped-corna-alta-tiny.png","width":512,"height":512,"caption":"Gossip and VIP News"},"image":{"@id":"https:\/\/www.gossip.it\/#\/schema\/logo\/image\/"},"sameAs":["https:\/\/www.facebook.com\/GossipIT","https:\/\/x.com\/gossinews_it","https:\/\/instagram.com\/gossip_it"]},{"@type":"Person","@id":"https:\/\/www.gossip.it\/#\/schema\/person\/488896f75158bff1cc83c6c39d141110","name":"La Redazione","image":{"@type":"ImageObject","inLanguage":"it-IT","@id":"https:\/\/www.gossip.it\/#\/schema\/person\/image\/","url":"https:\/\/secure.gravatar.com\/avatar\/5a5f5c6fa3e6700e4249abdad0263a1e94e927d9e0499b1cb09c1cd29c044d80?s=96&d=mm&r=g","contentUrl":"https:\/\/secure.gravatar.com\/avatar\/5a5f5c6fa3e6700e4249abdad0263a1e94e927d9e0499b1cb09c1cd29c044d80?s=96&d=mm&r=g","caption":"La Redazione"},"sameAs":["https:\/\/www.gossip.it"]}]}},"amp_enabled":true,"_links":{"self":[{"href":"https:\/\/www.gossip.it\/api\/wp\/v2\/posts\/71693","targetHints":{"allow":["GET"]}}],"collection":[{"href":"https:\/\/www.gossip.it\/api\/wp\/v2\/posts"}],"about":[{"href":"https:\/\/www.gossip.it\/api\/wp\/v2\/types\/post"}],"author":[{"embeddable":true,"href":"https:\/\/www.gossip.it\/api\/wp\/v2\/users\/1"}],"replies":[{"embeddable":true,"href":"https:\/\/www.gossip.it\/api\/wp\/v2\/comments?post=71693"}],"version-history":[{"count":0,"href":"https:\/\/www.gossip.it\/api\/wp\/v2\/posts\/71693\/revisions"}],"wp:featuredmedia":[{"embeddable":true,"href":"https:\/\/www.gossip.it\/api\/wp\/v2\/media\/127739"}],"wp:attachment":[{"href":"https:\/\/www.gossip.it\/api\/wp\/v2\/media?parent=71693"}],"wp:term":[{"taxonomy":"category","embeddable":true,"href":"https:\/\/www.gossip.it\/api\/wp\/v2\/categories?post=71693"},{"taxonomy":"post_tag","embeddable":true,"href":"https:\/\/www.gossip.it\/api\/wp\/v2\/tags?post=71693"},{"taxonomy":"vip","embeddable":true,"href":"https:\/\/www.gossip.it\/api\/wp\/v2\/vip?post=71693"}],"curies":[{"name":"wp","href":"https:\/\/api.w.org\/{rel}","templated":true}]}}