{"id":71705,"date":"2022-04-04T00:00:00","date_gmt":"2022-04-03T22:00:00","guid":{"rendered":"https:\/\/www.gossip.it\/senza-categoria\/ilary-blasi-figlia-chanel-piace-nome\/"},"modified":"2022-04-04T00:00:00","modified_gmt":"2022-04-03T22:00:00","slug":"ilary-blasi-figlia-chanel-piace-nome","status":"publish","type":"post","link":"https:\/\/www.gossip.it\/news\/ilary-blasi-figlia-chanel-piace-nome\/","title":{"rendered":"Ilary Blasi rivela se a sua figlia Chanel piace il nome che le hanno dato: 'In famiglia abbiamo un problema'"},"content":{"rendered":"<p><a href=\"\/vip\/ilary-blasi\/\">Ilary Blasi<\/a> torna sul <strong>nome<\/strong> particolare dato alla sua secondogenita, <strong>Chanel<\/strong>. A <em>Belve<\/em>, incalzata da <a href=\"\/vip\/francesca-fagnani\/\">Francesca Fagnani<\/a>, rivela se la <strong>figlia<\/strong> ne sia contenta. <em>\u201cSe le <strong>piace<\/strong>? S\u00ec, tantissimo\u201d,<\/em> confida la conduttrice 40enne.<\/p>\n<figure class=\"caption\"><img decoding=\"async\" alt=\"Ilary Blasi rivela se a sua figlia Chanel piace il nome che le hanno dato: 'In famiglia abbiamo un problema'\" width=\"640\" height=\"355\" src=\"https:\/\/files.gossip.it\/immagini_news\/2022\/04\/1649071597_blasi_1.jpg\" \/><figcaption>Ilary Blasi rivela se a sua figlia Chanel piace il nome che le hanno dato: 'In famiglia abbiamo un problema'<\/figcaption><\/figure>\n<p><em>\u201cCome mamma mi do un 7 o 8. Si pu\u00f2 sempre fare meglio, il mestiere del genitore \u00e8 difficile. Penso di essere una brava mamma\u201d,<\/em> sottolinea Ilary quando le si domanda che madre si senta. Poi continua e parla della 14enne: <em>\u201cSe sono contenta del <strong>nome Chanel <\/strong>dato a mia <strong>figlia<\/strong>? Assolutamente s\u00ec, non saprei vederla con un altro nome\u201d.<\/em><\/p>\n<p><em>\u201cIo ho fatto anche questa domanda a mia <strong>figlia<\/strong>, le ho chiesto: \u2018Ti <strong>piace<\/strong> il tuo <strong>nome<\/strong>?\u2019. Lei mi ha risposto: \u2018Tantissimo\u2019. E comunque la storia delle marche non c'entra nulla...\u201d, <\/em>chiarisce ancora la Blasi in tv. <em>\u201cIsabel e Cristian invece sono abbastanza normali come nomi\u201d<\/em>, aggiunge ancora parlando del primogenito di 16 anni e della piccola di casa di 6 anni, nati dal matrimonio con <a href=\"\/vip\/francesco-totti\/\">Francesco Totti<\/a>.<\/p>\n<figure class=\"caption\"><img decoding=\"async\" alt=\"\" width=\"640\" height=\"353\" src=\"https:\/\/files.gossip.it\/immagini_news\/2022\/04\/1649071626_blasi_2.jpg\" \/><figcaption>La conduttrice 40enne confida il motivo per cui per cui lo ha scelto<\/figcaption><\/figure>\n<p>Francesca Fagnani fa notare a <strong>Ilary Blasi<\/strong> che nessuno dei tre nomi dei figli finisce con una vocale, la presentatrice dell\u2019<em>Isola dei Famosi<\/em> spiega: <em>\u201cTotti \u00e8 un brutto cognome, diciamo la verit\u00e0: \u00e8 duro, \u00e8 corto, quindi levando la vocale finale i nomi legano meglio\u2026\u201d.<\/em><\/p>\n<figure class=\"caption\"><img decoding=\"async\" alt=\"\" width=\"640\" height=\"441\" src=\"https:\/\/files.gossip.it\/immagini_news\/2022\/04\/1649071648_blasi_3.jpg\" \/><figcaption>Alla 14enne il nome piace tantissimo<\/figcaption><\/figure>\n<p>L\u2019ex <em>Letterina<\/em> confida anche, tra le risa, che uno dei nomi in rosa prima che nascesse <strong>Chanel<\/strong> era addirittura Roma. Non \u00e8 finita:<em> \u201cIn famiglia abbiamo un problema con i nomi, pure mia madre\u2026Solo con la prima figlia, Silvia, \u00e8 stata una scelta \u2018normale\u2019. Poi sono arrivati Ilary e Melory\u2026 Quindi ci ha trasmesso questa cosa, perch\u00e9 anche le mie sorelle hanno dato nomi particolari alle figlie: le mie nipoti si chiamano Stella e Nicole, detta Niky, le due figlie di Silvia. La bambina di Melory si chiama Jolie\u2026\u201d.<\/em><\/p>\n<figure class=\"caption\"><img decoding=\"async\" alt=\"\" width=\"640\" height=\"436\" src=\"https:\/\/files.gossip.it\/immagini_news\/2022\/04\/1649071671_blasi_4.jpg\" \/><figcaption>Pure la madre di Ilary ha dato nomi particolari a due delle sue tre figlie...<\/figcaption><\/figure>\n<p><strong>Ilary Blasi <\/strong>infine conclude ironica pi\u00f9 che mai: <em>\u201cA casa ho un cane, due gatti e delle capre, agli animali, invece, do i nomi delle persone\u201d.<\/em><\/p>\n<p>\u00a0<\/p>\n<p>\u00a0<\/p>\n","protected":false},"excerpt":{"rendered":"<p>Ilary Blasi torna sul nome particolare dato alla sua secondogenita, Chanel. A Belve, incalzata da Francesca Fagnani, rivela se la figlia ne sia contenta. \u201cSe le piace? S\u00ec, tantissimo\u201d, confida la conduttrice 40enne. Ilary Blasi rivela se a sua figlia Chanel piace il nome che le hanno dato: 'In famiglia abbiamo un problema' \u201cCome mamma [&hellip;]<\/p>\n","protected":false},"author":1,"featured_media":127751,"comment_status":"closed","ping_status":"closed","sticky":false,"template":"","format":"standard","meta":{"footnotes":""},"categories":[54],"tags":[57520,2149,1992,2102,1905,2103,2100,13768,2145,5662,2097],"vip":[952],"class_list":["post-71705","post","type-post","status-publish","format-standard","has-post-thumbnail","hentry","category-news","tag-belve","tag-chanel","tag-conduttrice","tag-dichiarazioni","tag-figlia","tag-intervista","tag-nome","tag-piace","tag-presentatrice","tag-rai-due","tag-tv","vip-ilary_blasi"],"yoast_head":"<title>Ilary Blasi rivela se a sua figlia Chanel piace il nome che le hanno dato: &#039;In famiglia abbiamo un problema&#039; - Gossip.it | News sul Gossip e VIP<\/title>\n<meta name=\"description\" content=\"Ilary Blasi torna sul nome particolare dato alla sua secondogenita, Chanel. A Belve, incalzata da Francesca Fagnani, rivela se la figlia ne sia contenta.\" \/>\n<meta name=\"robots\" content=\"index, follow, max-snippet:-1, max-image-preview:large, max-video-preview:-1\" \/>\n<link rel=\"canonical\" href=\"https:\/\/www.gossip.it\/news\/ilary-blasi-figlia-chanel-piace-nome\/\" \/>\n<meta property=\"og:locale\" content=\"it_IT\" \/>\n<meta property=\"og:type\" content=\"article\" \/>\n<meta property=\"og:title\" content=\"Ilary Blasi rivela se a sua figlia Chanel piace il nome che le hanno dato: &#039;In famiglia abbiamo un problema&#039; - Gossip.it | News sul Gossip e VIP\" \/>\n<meta property=\"og:description\" content=\"Ilary Blasi torna sul nome particolare dato alla sua secondogenita, Chanel. A Belve, incalzata da Francesca Fagnani, rivela se la figlia ne sia contenta.\" \/>\n<meta property=\"og:url\" content=\"https:\/\/www.gossip.it\/news\/ilary-blasi-figlia-chanel-piace-nome\/\" \/>\n<meta property=\"og:site_name\" content=\"Gossip.it | News sul Gossip e VIP\" \/>\n<meta property=\"article:publisher\" content=\"https:\/\/www.facebook.com\/GossipIT\" \/>\n<meta property=\"article:published_time\" content=\"2022-04-03T22:00:00+00:00\" \/>\n<meta property=\"og:image\" content=\"https:\/\/files.gossip.it\/immagini_news\/2022\/04\/1649071597_blasi_1.jpg\" \/>\n<meta name=\"author\" content=\"La Redazione\" \/>\n<meta name=\"twitter:card\" content=\"summary_large_image\" \/>\n<meta name=\"twitter:image\" content=\"https:\/\/files.gossip.it\/immagini_news\/2022\/04\/1649071597_blasi_1.jpg\" \/>\n<meta name=\"twitter:creator\" content=\"@gossinews_it\" \/>\n<meta name=\"twitter:site\" content=\"@gossinews_it\" \/>\n<meta name=\"twitter:label1\" content=\"Scritto da\" \/>\n\t<meta name=\"twitter:data1\" content=\"Annamaria Capozzi\" \/>\n\t<meta name=\"twitter:label2\" content=\"Tempo di lettura stimato\" \/>\n\t<meta name=\"twitter:data2\" content=\"2 minuti\" \/>","yoast_head_json":{"title":"Ilary Blasi rivela se a sua figlia Chanel piace il nome che le hanno dato: 'In famiglia abbiamo un problema' - Gossip.it | News sul Gossip e VIP","description":"Ilary Blasi torna sul nome particolare dato alla sua secondogenita, Chanel. A Belve, incalzata da Francesca Fagnani, rivela se la figlia ne sia contenta.","robots":{"index":"index","follow":"follow","max-snippet":"max-snippet:-1","max-image-preview":"max-image-preview:large","max-video-preview":"max-video-preview:-1"},"canonical":"https:\/\/www.gossip.it\/news\/ilary-blasi-figlia-chanel-piace-nome\/","og_locale":"it_IT","og_type":"article","og_title":"Ilary Blasi rivela se a sua figlia Chanel piace il nome che le hanno dato: 'In famiglia abbiamo un problema' - Gossip.it | News sul Gossip e VIP","og_description":"Ilary Blasi torna sul nome particolare dato alla sua secondogenita, Chanel. A Belve, incalzata da Francesca Fagnani, rivela se la figlia ne sia contenta.","og_url":"https:\/\/www.gossip.it\/news\/ilary-blasi-figlia-chanel-piace-nome\/","og_site_name":"Gossip.it | News sul Gossip e VIP","article_publisher":"https:\/\/www.facebook.com\/GossipIT","article_published_time":"2022-04-03T22:00:00+00:00","og_image":[{"url":"https:\/\/files.gossip.it\/immagini_news\/2022\/04\/1649071597_blasi_1.jpg"}],"author":"La Redazione","twitter_card":"summary_large_image","twitter_image":"https:\/\/files.gossip.it\/immagini_news\/2022\/04\/1649071597_blasi_1.jpg","twitter_creator":"@gossinews_it","twitter_site":"@gossinews_it","twitter_misc":{"Scritto da":"Annamaria Capozzi","Tempo di lettura stimato":"2 minuti"},"schema":{"@context":"https:\/\/schema.org","@graph":[{"@type":"Article","@id":"https:\/\/www.gossip.it\/news\/ilary-blasi-figlia-chanel-piace-nome\/#article","isPartOf":{"@id":"https:\/\/www.gossip.it\/news\/ilary-blasi-figlia-chanel-piace-nome\/"},"author":{"name":"La Redazione","@id":"https:\/\/www.gossip.it\/#\/schema\/person\/488896f75158bff1cc83c6c39d141110"},"headline":"Ilary Blasi rivela se a sua figlia Chanel piace il nome che le hanno dato: 'In famiglia abbiamo un problema'","datePublished":"2022-04-03T22:00:00+00:00","dateModified":"2022-04-03T22:00:00+00:00","mainEntityOfPage":{"@id":"https:\/\/www.gossip.it\/news\/ilary-blasi-figlia-chanel-piace-nome\/"},"wordCount":389,"publisher":{"@id":"https:\/\/www.gossip.it\/#organization"},"image":{"@id":"https:\/\/www.gossip.it\/news\/ilary-blasi-figlia-chanel-piace-nome\/#primaryimage"},"thumbnailUrl":"https:\/\/files.gossip.it\/immagini_news\/2022\/04\/1649071597_blasi_1.jpg","keywords":["belve","chanel","conduttrice","dichiarazioni","figlia","intervista","nome","piace","presentatrice","rai due","tv"],"articleSection":["News"],"inLanguage":"it-IT"},{"@type":"WebPage","@id":"https:\/\/www.gossip.it\/news\/ilary-blasi-figlia-chanel-piace-nome\/","url":"https:\/\/www.gossip.it\/news\/ilary-blasi-figlia-chanel-piace-nome\/","name":"Ilary Blasi rivela se a sua figlia Chanel piace il nome che le hanno dato: 'In famiglia abbiamo un problema' - Gossip.it | News sul Gossip e VIP","isPartOf":{"@id":"https:\/\/www.gossip.it\/#website"},"primaryImageOfPage":{"@id":"https:\/\/www.gossip.it\/news\/ilary-blasi-figlia-chanel-piace-nome\/#primaryimage"},"image":{"@id":"https:\/\/www.gossip.it\/news\/ilary-blasi-figlia-chanel-piace-nome\/#primaryimage"},"thumbnailUrl":"https:\/\/files.gossip.it\/immagini_news\/2022\/04\/1649071597_blasi_1.jpg","datePublished":"2022-04-03T22:00:00+00:00","dateModified":"2022-04-03T22:00:00+00:00","description":"Ilary Blasi torna sul nome particolare dato alla sua secondogenita, Chanel. A Belve, incalzata da Francesca Fagnani, rivela se la figlia ne sia contenta.","breadcrumb":{"@id":"https:\/\/www.gossip.it\/news\/ilary-blasi-figlia-chanel-piace-nome\/#breadcrumb"},"inLanguage":"it-IT","potentialAction":[{"@type":"ReadAction","target":["https:\/\/www.gossip.it\/news\/ilary-blasi-figlia-chanel-piace-nome\/"]}]},{"@type":"ImageObject","inLanguage":"it-IT","@id":"https:\/\/www.gossip.it\/news\/ilary-blasi-figlia-chanel-piace-nome\/#primaryimage","url":"https:\/\/files.gossip.it\/immagini_news\/2022\/04\/1649071597_blasi_1.jpg","contentUrl":"https:\/\/files.gossip.it\/immagini_news\/2022\/04\/1649071597_blasi_1.jpg"},{"@type":"BreadcrumbList","@id":"https:\/\/www.gossip.it\/news\/ilary-blasi-figlia-chanel-piace-nome\/#breadcrumb","itemListElement":[{"@type":"ListItem","position":1,"name":"Home","item":"https:\/\/www.gossip.it\/"},{"@type":"ListItem","position":2,"name":"Ilary Blasi rivela se a sua figlia Chanel piace il nome che le hanno dato: 'In famiglia abbiamo un problema'"}]},{"@type":"WebSite","@id":"https:\/\/www.gossip.it\/#website","url":"https:\/\/www.gossip.it\/","name":"Gossip and VIP News","description":"Quotidiano di cronaca rosa, costume e societ\u00e0","publisher":{"@id":"https:\/\/www.gossip.it\/#organization"},"alternateName":"Gossip and VIP News","potentialAction":[{"@type":"SearchAction","target":{"@type":"EntryPoint","urlTemplate":"https:\/\/www.gossip.it\/?s={search_term_string}"},"query-input":{"@type":"PropertyValueSpecification","valueRequired":true,"valueName":"search_term_string"}}],"inLanguage":"it-IT"},{"@type":"Organization","@id":"https:\/\/www.gossip.it\/#organization","name":"Gossip and VIP News","alternateName":"Gossip News","url":"https:\/\/www.gossip.it\/","logo":{"@type":"ImageObject","inLanguage":"it-IT","@id":"https:\/\/www.gossip.it\/#\/schema\/logo\/image\/","url":"https:\/\/www.gossip.it\/wp-content\/uploads\/2022\/04\/cropped-corna-alta-tiny.png","contentUrl":"https:\/\/www.gossip.it\/wp-content\/uploads\/2022\/04\/cropped-corna-alta-tiny.png","width":512,"height":512,"caption":"Gossip and VIP News"},"image":{"@id":"https:\/\/www.gossip.it\/#\/schema\/logo\/image\/"},"sameAs":["https:\/\/www.facebook.com\/GossipIT","https:\/\/x.com\/gossinews_it","https:\/\/instagram.com\/gossip_it"]},{"@type":"Person","@id":"https:\/\/www.gossip.it\/#\/schema\/person\/488896f75158bff1cc83c6c39d141110","name":"La Redazione","image":{"@type":"ImageObject","inLanguage":"it-IT","@id":"https:\/\/www.gossip.it\/#\/schema\/person\/image\/","url":"https:\/\/secure.gravatar.com\/avatar\/5a5f5c6fa3e6700e4249abdad0263a1e94e927d9e0499b1cb09c1cd29c044d80?s=96&d=mm&r=g","contentUrl":"https:\/\/secure.gravatar.com\/avatar\/5a5f5c6fa3e6700e4249abdad0263a1e94e927d9e0499b1cb09c1cd29c044d80?s=96&d=mm&r=g","caption":"La Redazione"},"sameAs":["https:\/\/www.gossip.it"]}]}},"amp_enabled":true,"_links":{"self":[{"href":"https:\/\/www.gossip.it\/api\/wp\/v2\/posts\/71705","targetHints":{"allow":["GET"]}}],"collection":[{"href":"https:\/\/www.gossip.it\/api\/wp\/v2\/posts"}],"about":[{"href":"https:\/\/www.gossip.it\/api\/wp\/v2\/types\/post"}],"author":[{"embeddable":true,"href":"https:\/\/www.gossip.it\/api\/wp\/v2\/users\/1"}],"replies":[{"embeddable":true,"href":"https:\/\/www.gossip.it\/api\/wp\/v2\/comments?post=71705"}],"version-history":[{"count":0,"href":"https:\/\/www.gossip.it\/api\/wp\/v2\/posts\/71705\/revisions"}],"wp:featuredmedia":[{"embeddable":true,"href":"https:\/\/www.gossip.it\/api\/wp\/v2\/media\/127751"}],"wp:attachment":[{"href":"https:\/\/www.gossip.it\/api\/wp\/v2\/media?parent=71705"}],"wp:term":[{"taxonomy":"category","embeddable":true,"href":"https:\/\/www.gossip.it\/api\/wp\/v2\/categories?post=71705"},{"taxonomy":"post_tag","embeddable":true,"href":"https:\/\/www.gossip.it\/api\/wp\/v2\/tags?post=71705"},{"taxonomy":"vip","embeddable":true,"href":"https:\/\/www.gossip.it\/api\/wp\/v2\/vip?post=71705"}],"curies":[{"name":"wp","href":"https:\/\/api.w.org\/{rel}","templated":true}]}}